{"id":74,"date":"2024-01-19T13:41:54","date_gmt":"2024-01-19T12:41:54","guid":{"rendered":"https:\/\/maisonduveloblancarde.fr\/?p=74"},"modified":"2024-09-11T12:57:48","modified_gmt":"2024-09-11T10:57:48","slug":"inauguration-le-xxx","status":"publish","type":"post","link":"https:\/\/maisonduveloblancarde.fr\/?p=74","title":{"rendered":"Inauguration le 20 avril"},"content":{"rendered":"\t\t<div data-elementor-type=\"wp-post\" data-elementor-id=\"74\" class=\"elementor elementor-74\">\n\t\t\t\t<div class=\"elementor-element elementor-element-770dbd0 e-flex e-con-boxed e-con e-parent\" data-id=\"770dbd0\" data-element_type=\"container\">\n\t\t\t\t\t<div class=\"e-con-inner\">\n\t\t\t\t<div class=\"elementor-element elementor-element-acd7391 elementor-widget elementor-widget-image\" data-id=\"acd7391\" data-element_type=\"widget\" data-widget_type=\"image.default\">\n\t\t\t\t<div class=\"elementor-widget-container\">\n\t\t\t<style>\/*! elementor - v3.22.0 - 24-06-2024 *\/\n.elementor-widget-image{text-align:center}.elementor-widget-image a{display:inline-block}.elementor-widget-image a img[src$=\".svg\"]{width:48px}.elementor-widget-image img{vertical-align:middle;display:inline-block}<\/style>\t\t\t\t\t\t\t\t\t\t<img fetchpriority=\"high\" decoding=\"async\" width=\"724\" height=\"1024\" src=\"https:\/\/maisonduveloblancarde.fr\/wp-content\/uploads\/2024\/01\/Affiche_maison_du_velo_vfinal.png\" class=\"attachment-large size-large wp-image-422\" alt=\"\" \/>\t\t\t\t\t\t\t\t\t\t\t\t\t<\/div>\n\t\t\t\t<\/div>\n\t\t\t\t<div class=\"elementor-element elementor-element-bb0ac9b elementor-widget elementor-widget-text-editor\" data-id=\"bb0ac9b\" data-element_type=\"widget\" data-widget_type=\"text-editor.default\">\n\t\t\t\t<div class=\"elementor-widget-container\">\n\t\t\t<style>\/*! elementor - v3.22.0 - 24-06-2024 *\/\n.elementor-widget-text-editor.elementor-drop-cap-view-stacked .elementor-drop-cap{background-color:#69727d;color:#fff}.elementor-widget-text-editor.elementor-drop-cap-view-framed .elementor-drop-cap{color:#69727d;border:3px solid;background-color:transparent}.elementor-widget-text-editor:not(.elementor-drop-cap-view-default) .elementor-drop-cap{margin-top:8px}.elementor-widget-text-editor:not(.elementor-drop-cap-view-default) .elementor-drop-cap-letter{width:1em;height:1em}.elementor-widget-text-editor .elementor-drop-cap{float:left;text-align:center;line-height:1;font-size:50px}.elementor-widget-text-editor .elementor-drop-cap-letter{display:inline-block}<\/style>\t\t\t\t<p>Le samedi 20 avril la Maison du V\u00e9lo Marseille Blancarde ouvre ces portes ! Animations pour petit.es et grand.es toute la journ\u00e9e.<\/p><p>Le samedi 20 avril, de 11h \u00e0 17h, venez d\u00e9couvrir un nouveau lieu inter-associatif autour des diff\u00e9rentes pratiques du v\u00e9lo.\u00a0<\/p><p><b>Au programme :<\/b><\/p><p>&gt; 12h : inauguration et buffet partag\u00e9 par la mairie du 4\u00e8me et 5\u00e8me arrondissement\u00a0<\/p><p>&gt; 13h \u00e0 14h : atelier d\u2019auto-r\u00e9paration permanence aux gants blancs par V\u00e9los en Ville\u00a0<\/p><p>&gt; 13h30 : caf\u00e9 &amp; petit concert par le Groupetto dans le jardin\u00a0<\/p><p>&gt; 14h &#8211; 17h : atelier sur le voyage \u00e0 v\u00e9lo <\/p><p>&gt; 14h30 : balade th\u00e9matique dans le quartier avec Cyclotopia\u00a0<\/p><p>Tout le reste de la journ\u00e9e :<\/p><p>&gt; pr\u00e9sentation des diff\u00e9rentes activit\u00e9s et associations du lieu\u00a0<\/p><p>&gt; atelier d\u2019auto-r\u00e9paration par le Collectif V\u00e9los en Ville\u00a0<\/p><p>&gt; essai de home-trainer avec Excelsior\u00a0<\/p><p>&gt; test de jeux de soci\u00e9t\u00e9 collaboratif par Cyclotopia\u00a0<\/p><p>&gt; espace de sensibilisation, biblioth\u00e8que cycliste pour petit.es et grand.es\u00a0<\/p><p><b>Informations pratiques :\u00a0<\/b><\/p><p>&gt; au 32 rue Yves Chapuis\u00a0<\/p><p>&gt; de 11h \u00e0 17h le samedi 20 avril\u00a0<\/p><p>&gt; activit\u00e9s pour petit.es et grand.es toute la journ\u00e9e<\/p><p>&gt; \u00e0 v\u00e9lo, pensez \u00e0 prendre la rue dans le bon sens s\u2019il vous pla\u00eet, place de stationnement devant la gare de la Blancarde\u00a0<\/p><p>&gt; en tram, train, m\u00e9tro, bus arr\u00eatez-vous \u00e0 l\u2019arr\u00eat La Blancarde ou Duclaux-Foch\u00a0<\/p><p><b>La Maison du V\u00e9lo Marseille Blancarde qu\u2019est ce que c\u2019est ?\u00a0<\/b><\/p><p>C\u2019est une initiative de la mairie du 4\u00e8me et 5\u00e8me arrondissement, port\u00e9e par les associations Excelsior, Cyclotopia et le Collectif V\u00e9los en Ville, autour d\u2019un lieu vers la gare de la Blancarde. Ce lieu propose des activit\u00e9s autour des diff\u00e9rentes pratiques du v\u00e9lo comme un atelier d\u2019auto-r\u00e9paration, des stages d\u2019apprentissages \u00e0 la pratique du v\u00e9lo, des sorties et entra\u00eenements \u00e0 la pratique sportive et de loisirs. Il accueillera aussi des \u00e9v\u00e9nements r\u00e9guliers pour tout public pour d\u00e9couvrir, \u00e9changer et partager la pluralit\u00e9 d\u2019approche du v\u00e9lo !<\/p>\t\t\t\t\t\t<\/div>\n\t\t\t\t<\/div>\n\t\t\t\t\t<\/div>\n\t\t\t\t<\/div>\n\t\t\t\t<\/div>\n\t\t","protected":false},"excerpt":{"rendered":"<p>Le samedi 20 avril la Maison du V\u00e9lo Marseille Blancarde ouvre ces portes ! Animations pour petit.es et grand.es toute la journ\u00e9e. Le samedi 20 avril, de 11h \u00e0 17h, venez d\u00e9couvrir un nouveau lieu inter-associatif autour des diff\u00e9rentes pratiques du v\u00e9lo.\u00a0 Au programme : &gt; 12h : inauguration et buffet partag\u00e9 par la mairie&hellip;&nbsp;<a href=\"https:\/\/maisonduveloblancarde.fr\/?p=74\" class=\"\" rel=\"bookmark\">Read More &raquo;<span class=\"screen-reader-text\">Inauguration le 20 avril<\/span><\/a><\/p>\n","protected":false},"author":1,"featured_media":432,"comment_status":"open","ping_status":"open","sticky":false,"template":"","format":"standard","meta":{"neve_meta_sidebar":"","neve_meta_container":"","neve_meta_enable_content_width":"","neve_meta_content_width":0,"neve_meta_title_alignment":"","neve_meta_author_avatar":"","neve_post_elements_order":"","neve_meta_disable_header":"","neve_meta_disable_footer":"","neve_meta_disable_title":"","_themeisle_gutenberg_block_has_review":false,"_ti_tpc_template_sync":false,"_ti_tpc_template_id":"","footnotes":""},"categories":[13],"tags":[],"yoast_head":"<!-- This site is optimized with the Yoast SEO plugin v22.6 - https:\/\/yoast.com\/wordpress\/plugins\/seo\/ -->\n<title>Inauguration le 20 avril -<\/title>\n<meta name=\"robots\" content=\"index, follow, max-snippet:-1, max-image-preview:large, max-video-preview:-1\" \/>\n<link rel=\"canonical\" href=\"https:\/\/maisonduveloblancarde.fr\/?p=74\" \/>\n<meta property=\"og:locale\" content=\"en_US\" \/>\n<meta property=\"og:type\" content=\"article\" \/>\n<meta property=\"og:title\" content=\"Inauguration le 20 avril -\" \/>\n<meta property=\"og:description\" content=\"Le samedi 20 avril la Maison du V\u00e9lo Marseille Blancarde ouvre ces portes ! Animations pour petit.es et grand.es toute la journ\u00e9e. Le samedi 20 avril, de 11h \u00e0 17h, venez d\u00e9couvrir un nouveau lieu inter-associatif autour des diff\u00e9rentes pratiques du v\u00e9lo.\u00a0 Au programme : &gt; 12h : inauguration et buffet partag\u00e9 par la mairie&hellip;&nbsp;Read More &raquo;Inauguration le 20 avril\" \/>\n<meta property=\"og:url\" content=\"https:\/\/maisonduveloblancarde.fr\/?p=74\" \/>\n<meta property=\"article:published_time\" content=\"2024-01-19T12:41:54+00:00\" \/>\n<meta property=\"article:modified_time\" content=\"2024-09-11T10:57:48+00:00\" \/>\n<meta property=\"og:image\" content=\"http:\/\/maisonduveloblancarde.fr\/wp-content\/uploads\/2024\/01\/banniere_facebookfinal1.png\" \/>\n\t<meta property=\"og:image:width\" content=\"1024\" \/>\n\t<meta property=\"og:image:height\" content=\"536\" \/>\n\t<meta property=\"og:image:type\" content=\"image\/png\" \/>\n<meta name=\"author\" content=\"maisonduveloblancarde.fr\" \/>\n<meta name=\"twitter:card\" content=\"summary_large_image\" \/>\n<meta name=\"twitter:label1\" content=\"Written by\" \/>\n\t<meta name=\"twitter:data1\" content=\"maisonduveloblancarde.fr\" \/>\n\t<meta name=\"twitter:label2\" content=\"Est. reading time\" \/>\n\t<meta name=\"twitter:data2\" content=\"2 minutes\" \/>\n<script type=\"application\/ld+json\" class=\"yoast-schema-graph\">{\"@context\":\"https:\/\/schema.org\",\"@graph\":[{\"@type\":\"WebPage\",\"@id\":\"https:\/\/maisonduveloblancarde.fr\/?p=74\",\"url\":\"https:\/\/maisonduveloblancarde.fr\/?p=74\",\"name\":\"Inauguration le 20 avril -\",\"isPartOf\":{\"@id\":\"https:\/\/maisonduveloblancarde.fr\/#website\"},\"primaryImageOfPage\":{\"@id\":\"https:\/\/maisonduveloblancarde.fr\/?p=74#primaryimage\"},\"image\":{\"@id\":\"https:\/\/maisonduveloblancarde.fr\/?p=74#primaryimage\"},\"thumbnailUrl\":\"https:\/\/maisonduveloblancarde.fr\/wp-content\/uploads\/2024\/01\/banniere_facebookfinal1.png\",\"datePublished\":\"2024-01-19T12:41:54+00:00\",\"dateModified\":\"2024-09-11T10:57:48+00:00\",\"author\":{\"@id\":\"https:\/\/maisonduveloblancarde.fr\/#\/schema\/person\/326a734620e478ba65e6a175c89c36e8\"},\"breadcrumb\":{\"@id\":\"https:\/\/maisonduveloblancarde.fr\/?p=74#breadcrumb\"},\"inLanguage\":\"en-US\",\"potentialAction\":[{\"@type\":\"ReadAction\",\"target\":[\"https:\/\/maisonduveloblancarde.fr\/?p=74\"]}]},{\"@type\":\"ImageObject\",\"inLanguage\":\"en-US\",\"@id\":\"https:\/\/maisonduveloblancarde.fr\/?p=74#primaryimage\",\"url\":\"https:\/\/maisonduveloblancarde.fr\/wp-content\/uploads\/2024\/01\/banniere_facebookfinal1.png\",\"contentUrl\":\"https:\/\/maisonduveloblancarde.fr\/wp-content\/uploads\/2024\/01\/banniere_facebookfinal1.png\",\"width\":8000,\"height\":4188},{\"@type\":\"BreadcrumbList\",\"@id\":\"https:\/\/maisonduveloblancarde.fr\/?p=74#breadcrumb\",\"itemListElement\":[{\"@type\":\"ListItem\",\"position\":1,\"name\":\"Accueil\",\"item\":\"https:\/\/maisonduveloblancarde.fr\/\"},{\"@type\":\"ListItem\",\"position\":2,\"name\":\"Inauguration le 20 avril\"}]},{\"@type\":\"WebSite\",\"@id\":\"https:\/\/maisonduveloblancarde.fr\/#website\",\"url\":\"https:\/\/maisonduveloblancarde.fr\/\",\"name\":\"\",\"description\":\"\",\"potentialAction\":[{\"@type\":\"SearchAction\",\"target\":{\"@type\":\"EntryPoint\",\"urlTemplate\":\"https:\/\/maisonduveloblancarde.fr\/?s={search_term_string}\"},\"query-input\":\"required name=search_term_string\"}],\"inLanguage\":\"en-US\"},{\"@type\":\"Person\",\"@id\":\"https:\/\/maisonduveloblancarde.fr\/#\/schema\/person\/326a734620e478ba65e6a175c89c36e8\",\"name\":\"maisonduveloblancarde.fr\",\"image\":{\"@type\":\"ImageObject\",\"inLanguage\":\"en-US\",\"@id\":\"https:\/\/maisonduveloblancarde.fr\/#\/schema\/person\/image\/\",\"url\":\"https:\/\/secure.gravatar.com\/avatar\/e05a86865bed9e448f5b14e041a12c2d?s=96&d=mm&r=g\",\"contentUrl\":\"https:\/\/secure.gravatar.com\/avatar\/e05a86865bed9e448f5b14e041a12c2d?s=96&d=mm&r=g\",\"caption\":\"maisonduveloblancarde.fr\"},\"sameAs\":[\"http:\/\/maisonduveloblancarde.fr\"],\"url\":\"https:\/\/maisonduveloblancarde.fr\/?author=1\"}]}<\/script>\n<!-- \/ Yoast SEO plugin. -->","yoast_head_json":{"title":"Inauguration le 20 avril -","robots":{"index":"index","follow":"follow","max-snippet":"max-snippet:-1","max-image-preview":"max-image-preview:large","max-video-preview":"max-video-preview:-1"},"canonical":"https:\/\/maisonduveloblancarde.fr\/?p=74","og_locale":"en_US","og_type":"article","og_title":"Inauguration le 20 avril -","og_description":"Le samedi 20 avril la Maison du V\u00e9lo Marseille Blancarde ouvre ces portes ! Animations pour petit.es et grand.es toute la journ\u00e9e. Le samedi 20 avril, de 11h \u00e0 17h, venez d\u00e9couvrir un nouveau lieu inter-associatif autour des diff\u00e9rentes pratiques du v\u00e9lo.\u00a0 Au programme : &gt; 12h : inauguration et buffet partag\u00e9 par la mairie&hellip;&nbsp;Read More &raquo;Inauguration le 20 avril","og_url":"https:\/\/maisonduveloblancarde.fr\/?p=74","article_published_time":"2024-01-19T12:41:54+00:00","article_modified_time":"2024-09-11T10:57:48+00:00","og_image":[{"url":"http:\/\/maisonduveloblancarde.fr\/wp-content\/uploads\/2024\/01\/banniere_facebookfinal1.png","width":1024,"height":536,"type":"image\/png"}],"author":"maisonduveloblancarde.fr","twitter_card":"summary_large_image","twitter_misc":{"Written by":"maisonduveloblancarde.fr","Est. reading time":"2 minutes"},"schema":{"@context":"https:\/\/schema.org","@graph":[{"@type":"WebPage","@id":"https:\/\/maisonduveloblancarde.fr\/?p=74","url":"https:\/\/maisonduveloblancarde.fr\/?p=74","name":"Inauguration le 20 avril -","isPartOf":{"@id":"https:\/\/maisonduveloblancarde.fr\/#website"},"primaryImageOfPage":{"@id":"https:\/\/maisonduveloblancarde.fr\/?p=74#primaryimage"},"image":{"@id":"https:\/\/maisonduveloblancarde.fr\/?p=74#primaryimage"},"thumbnailUrl":"https:\/\/maisonduveloblancarde.fr\/wp-content\/uploads\/2024\/01\/banniere_facebookfinal1.png","datePublished":"2024-01-19T12:41:54+00:00","dateModified":"2024-09-11T10:57:48+00:00","author":{"@id":"https:\/\/maisonduveloblancarde.fr\/#\/schema\/person\/326a734620e478ba65e6a175c89c36e8"},"breadcrumb":{"@id":"https:\/\/maisonduveloblancarde.fr\/?p=74#breadcrumb"},"inLanguage":"en-US","potentialAction":[{"@type":"ReadAction","target":["https:\/\/maisonduveloblancarde.fr\/?p=74"]}]},{"@type":"ImageObject","inLanguage":"en-US","@id":"https:\/\/maisonduveloblancarde.fr\/?p=74#primaryimage","url":"https:\/\/maisonduveloblancarde.fr\/wp-content\/uploads\/2024\/01\/banniere_facebookfinal1.png","contentUrl":"https:\/\/maisonduveloblancarde.fr\/wp-content\/uploads\/2024\/01\/banniere_facebookfinal1.png","width":8000,"height":4188},{"@type":"BreadcrumbList","@id":"https:\/\/maisonduveloblancarde.fr\/?p=74#breadcrumb","itemListElement":[{"@type":"ListItem","position":1,"name":"Accueil","item":"https:\/\/maisonduveloblancarde.fr\/"},{"@type":"ListItem","position":2,"name":"Inauguration le 20 avril"}]},{"@type":"WebSite","@id":"https:\/\/maisonduveloblancarde.fr\/#website","url":"https:\/\/maisonduveloblancarde.fr\/","name":"","description":"","potentialAction":[{"@type":"SearchAction","target":{"@type":"EntryPoint","urlTemplate":"https:\/\/maisonduveloblancarde.fr\/?s={search_term_string}"},"query-input":"required name=search_term_string"}],"inLanguage":"en-US"},{"@type":"Person","@id":"https:\/\/maisonduveloblancarde.fr\/#\/schema\/person\/326a734620e478ba65e6a175c89c36e8","name":"maisonduveloblancarde.fr","image":{"@type":"ImageObject","inLanguage":"en-US","@id":"https:\/\/maisonduveloblancarde.fr\/#\/schema\/person\/image\/","url":"https:\/\/secure.gravatar.com\/avatar\/e05a86865bed9e448f5b14e041a12c2d?s=96&d=mm&r=g","contentUrl":"https:\/\/secure.gravatar.com\/avatar\/e05a86865bed9e448f5b14e041a12c2d?s=96&d=mm&r=g","caption":"maisonduveloblancarde.fr"},"sameAs":["http:\/\/maisonduveloblancarde.fr"],"url":"https:\/\/maisonduveloblancarde.fr\/?author=1"}]}},"_links":{"self":[{"href":"https:\/\/maisonduveloblancarde.fr\/index.php?rest_route=\/wp\/v2\/posts\/74"}],"collection":[{"href":"https:\/\/maisonduveloblancarde.fr\/index.php?rest_route=\/wp\/v2\/posts"}],"about":[{"href":"https:\/\/maisonduveloblancarde.fr\/index.php?rest_route=\/wp\/v2\/types\/post"}],"author":[{"embeddable":true,"href":"https:\/\/maisonduveloblancarde.fr\/index.php?rest_route=\/wp\/v2\/users\/1"}],"replies":[{"embeddable":true,"href":"https:\/\/maisonduveloblancarde.fr\/index.php?rest_route=%2Fwp%2Fv2%2Fcomments&post=74"}],"version-history":[{"count":11,"href":"https:\/\/maisonduveloblancarde.fr\/index.php?rest_route=\/wp\/v2\/posts\/74\/revisions"}],"predecessor-version":[{"id":445,"href":"https:\/\/maisonduveloblancarde.fr\/index.php?rest_route=\/wp\/v2\/posts\/74\/revisions\/445"}],"wp:featuredmedia":[{"embeddable":true,"href":"https:\/\/maisonduveloblancarde.fr\/index.php?rest_route=\/wp\/v2\/media\/432"}],"wp:attachment":[{"href":"https:\/\/maisonduveloblancarde.fr\/index.php?rest_route=%2Fwp%2Fv2%2Fmedia&parent=74"}],"wp:term":[{"taxonomy":"category","embeddable":true,"href":"https:\/\/maisonduveloblancarde.fr\/index.php?rest_route=%2Fwp%2Fv2%2Fcategories&post=74"},{"taxonomy":"post_tag","embeddable":true,"href":"https:\/\/maisonduveloblancarde.fr\/index.php?rest_route=%2Fwp%2Fv2%2Ftags&post=74"}],"curies":[{"name":"wp","href":"https:\/\/api.w.org\/{rel}","templated":true}]}}