{"id":518,"date":"2024-09-25T14:12:14","date_gmt":"2024-09-25T12:12:14","guid":{"rendered":"https:\/\/maisonduveloblancarde.fr\/?p=518"},"modified":"2024-09-25T14:21:15","modified_gmt":"2024-09-25T12:21:15","slug":"lassociation-velotchouterrain-fete-sa-rentree","status":"publish","type":"post","link":"https:\/\/maisonduveloblancarde.fr\/?p=518","title":{"rendered":"L&#8217;association V\u00e9loTchouTerrain f\u00eate sa rentr\u00e9e"},"content":{"rendered":"\t\t<div data-elementor-type=\"wp-post\" data-elementor-id=\"518\" class=\"elementor elementor-518\">\n\t\t\t\t<div class=\"elementor-element elementor-element-e7d1567 e-flex e-con-boxed e-con e-parent\" data-id=\"e7d1567\" data-element_type=\"container\">\n\t\t\t\t\t<div class=\"e-con-inner\">\n\t\t<div class=\"elementor-element elementor-element-6fb9bfe e-con-full e-flex e-con e-child\" data-id=\"6fb9bfe\" data-element_type=\"container\">\n\t\t\t\t<div class=\"elementor-element elementor-element-30a7746 elementor-widget elementor-widget-image\" data-id=\"30a7746\" data-element_type=\"widget\" data-widget_type=\"image.default\">\n\t\t\t\t<div class=\"elementor-widget-container\">\n\t\t\t<style>\/*! elementor - v3.22.0 - 24-06-2024 *\/\n.elementor-widget-image{text-align:center}.elementor-widget-image a{display:inline-block}.elementor-widget-image a img[src$=\".svg\"]{width:48px}.elementor-widget-image img{vertical-align:middle;display:inline-block}<\/style>\t\t\t\t\t\t\t\t\t\t<img fetchpriority=\"high\" decoding=\"async\" width=\"720\" height=\"1024\" src=\"https:\/\/maisonduveloblancarde.fr\/wp-content\/uploads\/2024\/09\/WhatsApp-Image-2024-09-03-at-19.05.05-720x1024.jpeg\" class=\"attachment-large size-large wp-image-519\" alt=\"\" srcset=\"https:\/\/maisonduveloblancarde.fr\/wp-content\/uploads\/2024\/09\/WhatsApp-Image-2024-09-03-at-19.05.05-720x1024.jpeg 720w, https:\/\/maisonduveloblancarde.fr\/wp-content\/uploads\/2024\/09\/WhatsApp-Image-2024-09-03-at-19.05.05-211x300.jpeg 211w, https:\/\/maisonduveloblancarde.fr\/wp-content\/uploads\/2024\/09\/WhatsApp-Image-2024-09-03-at-19.05.05-768x1092.jpeg 768w, https:\/\/maisonduveloblancarde.fr\/wp-content\/uploads\/2024\/09\/WhatsApp-Image-2024-09-03-at-19.05.05-1080x1536.jpeg 1080w, https:\/\/maisonduveloblancarde.fr\/wp-content\/uploads\/2024\/09\/WhatsApp-Image-2024-09-03-at-19.05.05.jpeg 1342w\" sizes=\"(max-width: 720px) 100vw, 720px\" \/>\t\t\t\t\t\t\t\t\t\t\t\t\t<\/div>\n\t\t\t\t<\/div>\n\t\t\t\t<\/div>\n\t\t<div class=\"elementor-element elementor-element-48d7d9b e-con-full e-flex e-con e-child\" data-id=\"48d7d9b\" data-element_type=\"container\">\n\t\t\t\t<div class=\"elementor-element elementor-element-42a85b4 elementor-widget elementor-widget-text-editor\" data-id=\"42a85b4\" data-element_type=\"widget\" data-widget_type=\"text-editor.default\">\n\t\t\t\t<div class=\"elementor-widget-container\">\n\t\t\t<style>\/*! elementor - v3.22.0 - 24-06-2024 *\/\n.elementor-widget-text-editor.elementor-drop-cap-view-stacked .elementor-drop-cap{background-color:#69727d;color:#fff}.elementor-widget-text-editor.elementor-drop-cap-view-framed .elementor-drop-cap{color:#69727d;border:3px solid;background-color:transparent}.elementor-widget-text-editor:not(.elementor-drop-cap-view-default) .elementor-drop-cap{margin-top:8px}.elementor-widget-text-editor:not(.elementor-drop-cap-view-default) .elementor-drop-cap-letter{width:1em;height:1em}.elementor-widget-text-editor .elementor-drop-cap{float:left;text-align:center;line-height:1;font-size:50px}.elementor-widget-text-editor .elementor-drop-cap-letter{display:inline-block}<\/style>\t\t\t\t<p>Le temps d&#8217;une soir\u00e9e, la Maison du V\u00e9lo Marseille Blancarde ouvre ses portes pour la f\u00eate de rentr\u00e9e de l&#8217;association V\u00e9lo Tchou Terrain.<\/p><p>Cette association organise des balades \u00e0 th\u00e8mes r\u00e9guli\u00e8rement.<\/p><p>Au programme : de la musique, un bar \u00e0 Kombucha, des petits plats et une tombolat de 18h \u00e0 23h. <\/p>\t\t\t\t\t\t<\/div>\n\t\t\t\t<\/div>\n\t\t\t\t<\/div>\n\t\t\t\t\t<\/div>\n\t\t\t\t<\/div>\n\t\t\t\t<\/div>\n\t\t","protected":false},"excerpt":{"rendered":"<p>Le temps d&#8217;une soir\u00e9e, la Maison du V\u00e9lo Marseille Blancarde ouvre ses portes pour la f\u00eate de rentr\u00e9e de l&#8217;association V\u00e9lo Tchou Terrain. Cette association organise des balades \u00e0 th\u00e8mes r\u00e9guli\u00e8rement. Au programme : de la musique, un bar \u00e0 Kombucha, des petits plats et une tombolat de 18h \u00e0 23h.<\/p>\n","protected":false},"author":1,"featured_media":519,"comment_status":"open","ping_status":"open","sticky":false,"template":"","format":"standard","meta":{"neve_meta_sidebar":"","neve_meta_container":"","neve_meta_enable_content_width":"","neve_meta_content_width":0,"neve_meta_title_alignment":"","neve_meta_author_avatar":"","neve_post_elements_order":"","neve_meta_disable_header":"","neve_meta_disable_footer":"","neve_meta_disable_title":"","_themeisle_gutenberg_block_has_review":false,"_ti_tpc_template_sync":false,"_ti_tpc_template_id":"","footnotes":""},"categories":[1],"tags":[],"yoast_head":"<!-- This site is optimized with the Yoast SEO plugin v22.6 - https:\/\/yoast.com\/wordpress\/plugins\/seo\/ -->\n<title>L&#039;association V\u00e9loTchouTerrain f\u00eate sa rentr\u00e9e -<\/title>\n<meta name=\"robots\" content=\"index, follow, max-snippet:-1, max-image-preview:large, max-video-preview:-1\" \/>\n<link rel=\"canonical\" href=\"https:\/\/maisonduveloblancarde.fr\/?p=518\" \/>\n<meta property=\"og:locale\" content=\"en_US\" \/>\n<meta property=\"og:type\" content=\"article\" \/>\n<meta property=\"og:title\" content=\"L&#039;association V\u00e9loTchouTerrain f\u00eate sa rentr\u00e9e -\" \/>\n<meta property=\"og:description\" content=\"Le temps d&#8217;une soir\u00e9e, la Maison du V\u00e9lo Marseille Blancarde ouvre ses portes pour la f\u00eate de rentr\u00e9e de l&#8217;association V\u00e9lo Tchou Terrain. Cette association organise des balades \u00e0 th\u00e8mes r\u00e9guli\u00e8rement. Au programme : de la musique, un bar \u00e0 Kombucha, des petits plats et une tombolat de 18h \u00e0 23h.\" \/>\n<meta property=\"og:url\" content=\"https:\/\/maisonduveloblancarde.fr\/?p=518\" \/>\n<meta property=\"article:published_time\" content=\"2024-09-25T12:12:14+00:00\" \/>\n<meta property=\"article:modified_time\" content=\"2024-09-25T12:21:15+00:00\" \/>\n<meta property=\"og:image\" content=\"http:\/\/maisonduveloblancarde.fr\/wp-content\/uploads\/2024\/09\/WhatsApp-Image-2024-09-03-at-19.05.05.jpeg\" \/>\n\t<meta property=\"og:image:width\" content=\"1342\" \/>\n\t<meta property=\"og:image:height\" content=\"1908\" \/>\n\t<meta property=\"og:image:type\" content=\"image\/jpeg\" \/>\n<meta name=\"author\" content=\"maisonduveloblancarde.fr\" \/>\n<meta name=\"twitter:card\" content=\"summary_large_image\" \/>\n<meta name=\"twitter:label1\" content=\"Written by\" \/>\n\t<meta name=\"twitter:data1\" content=\"maisonduveloblancarde.fr\" \/>\n\t<meta name=\"twitter:label2\" content=\"Est. reading time\" \/>\n\t<meta name=\"twitter:data2\" content=\"1 minute\" \/>\n<script type=\"application\/ld+json\" class=\"yoast-schema-graph\">{\"@context\":\"https:\/\/schema.org\",\"@graph\":[{\"@type\":\"WebPage\",\"@id\":\"https:\/\/maisonduveloblancarde.fr\/?p=518\",\"url\":\"https:\/\/maisonduveloblancarde.fr\/?p=518\",\"name\":\"L'association V\u00e9loTchouTerrain f\u00eate sa rentr\u00e9e -\",\"isPartOf\":{\"@id\":\"https:\/\/maisonduveloblancarde.fr\/#website\"},\"primaryImageOfPage\":{\"@id\":\"https:\/\/maisonduveloblancarde.fr\/?p=518#primaryimage\"},\"image\":{\"@id\":\"https:\/\/maisonduveloblancarde.fr\/?p=518#primaryimage\"},\"thumbnailUrl\":\"https:\/\/maisonduveloblancarde.fr\/wp-content\/uploads\/2024\/09\/WhatsApp-Image-2024-09-03-at-19.05.05.jpeg\",\"datePublished\":\"2024-09-25T12:12:14+00:00\",\"dateModified\":\"2024-09-25T12:21:15+00:00\",\"author\":{\"@id\":\"https:\/\/maisonduveloblancarde.fr\/#\/schema\/person\/326a734620e478ba65e6a175c89c36e8\"},\"breadcrumb\":{\"@id\":\"https:\/\/maisonduveloblancarde.fr\/?p=518#breadcrumb\"},\"inLanguage\":\"en-US\",\"potentialAction\":[{\"@type\":\"ReadAction\",\"target\":[\"https:\/\/maisonduveloblancarde.fr\/?p=518\"]}]},{\"@type\":\"ImageObject\",\"inLanguage\":\"en-US\",\"@id\":\"https:\/\/maisonduveloblancarde.fr\/?p=518#primaryimage\",\"url\":\"https:\/\/maisonduveloblancarde.fr\/wp-content\/uploads\/2024\/09\/WhatsApp-Image-2024-09-03-at-19.05.05.jpeg\",\"contentUrl\":\"https:\/\/maisonduveloblancarde.fr\/wp-content\/uploads\/2024\/09\/WhatsApp-Image-2024-09-03-at-19.05.05.jpeg\",\"width\":1342,\"height\":1908},{\"@type\":\"BreadcrumbList\",\"@id\":\"https:\/\/maisonduveloblancarde.fr\/?p=518#breadcrumb\",\"itemListElement\":[{\"@type\":\"ListItem\",\"position\":1,\"name\":\"Accueil\",\"item\":\"https:\/\/maisonduveloblancarde.fr\/\"},{\"@type\":\"ListItem\",\"position\":2,\"name\":\"L&#8217;association V\u00e9loTchouTerrain f\u00eate sa rentr\u00e9e\"}]},{\"@type\":\"WebSite\",\"@id\":\"https:\/\/maisonduveloblancarde.fr\/#website\",\"url\":\"https:\/\/maisonduveloblancarde.fr\/\",\"name\":\"\",\"description\":\"\",\"potentialAction\":[{\"@type\":\"SearchAction\",\"target\":{\"@type\":\"EntryPoint\",\"urlTemplate\":\"https:\/\/maisonduveloblancarde.fr\/?s={search_term_string}\"},\"query-input\":\"required name=search_term_string\"}],\"inLanguage\":\"en-US\"},{\"@type\":\"Person\",\"@id\":\"https:\/\/maisonduveloblancarde.fr\/#\/schema\/person\/326a734620e478ba65e6a175c89c36e8\",\"name\":\"maisonduveloblancarde.fr\",\"image\":{\"@type\":\"ImageObject\",\"inLanguage\":\"en-US\",\"@id\":\"https:\/\/maisonduveloblancarde.fr\/#\/schema\/person\/image\/\",\"url\":\"https:\/\/secure.gravatar.com\/avatar\/e05a86865bed9e448f5b14e041a12c2d?s=96&d=mm&r=g\",\"contentUrl\":\"https:\/\/secure.gravatar.com\/avatar\/e05a86865bed9e448f5b14e041a12c2d?s=96&d=mm&r=g\",\"caption\":\"maisonduveloblancarde.fr\"},\"sameAs\":[\"http:\/\/maisonduveloblancarde.fr\"],\"url\":\"https:\/\/maisonduveloblancarde.fr\/?author=1\"}]}<\/script>\n<!-- \/ Yoast SEO plugin. -->","yoast_head_json":{"title":"L'association V\u00e9loTchouTerrain f\u00eate sa rentr\u00e9e -","robots":{"index":"index","follow":"follow","max-snippet":"max-snippet:-1","max-image-preview":"max-image-preview:large","max-video-preview":"max-video-preview:-1"},"canonical":"https:\/\/maisonduveloblancarde.fr\/?p=518","og_locale":"en_US","og_type":"article","og_title":"L'association V\u00e9loTchouTerrain f\u00eate sa rentr\u00e9e -","og_description":"Le temps d&#8217;une soir\u00e9e, la Maison du V\u00e9lo Marseille Blancarde ouvre ses portes pour la f\u00eate de rentr\u00e9e de l&#8217;association V\u00e9lo Tchou Terrain. Cette association organise des balades \u00e0 th\u00e8mes r\u00e9guli\u00e8rement. Au programme : de la musique, un bar \u00e0 Kombucha, des petits plats et une tombolat de 18h \u00e0 23h.","og_url":"https:\/\/maisonduveloblancarde.fr\/?p=518","article_published_time":"2024-09-25T12:12:14+00:00","article_modified_time":"2024-09-25T12:21:15+00:00","og_image":[{"width":1342,"height":1908,"url":"http:\/\/maisonduveloblancarde.fr\/wp-content\/uploads\/2024\/09\/WhatsApp-Image-2024-09-03-at-19.05.05.jpeg","type":"image\/jpeg"}],"author":"maisonduveloblancarde.fr","twitter_card":"summary_large_image","twitter_misc":{"Written by":"maisonduveloblancarde.fr","Est. reading time":"1 minute"},"schema":{"@context":"https:\/\/schema.org","@graph":[{"@type":"WebPage","@id":"https:\/\/maisonduveloblancarde.fr\/?p=518","url":"https:\/\/maisonduveloblancarde.fr\/?p=518","name":"L'association V\u00e9loTchouTerrain f\u00eate sa rentr\u00e9e -","isPartOf":{"@id":"https:\/\/maisonduveloblancarde.fr\/#website"},"primaryImageOfPage":{"@id":"https:\/\/maisonduveloblancarde.fr\/?p=518#primaryimage"},"image":{"@id":"https:\/\/maisonduveloblancarde.fr\/?p=518#primaryimage"},"thumbnailUrl":"https:\/\/maisonduveloblancarde.fr\/wp-content\/uploads\/2024\/09\/WhatsApp-Image-2024-09-03-at-19.05.05.jpeg","datePublished":"2024-09-25T12:12:14+00:00","dateModified":"2024-09-25T12:21:15+00:00","author":{"@id":"https:\/\/maisonduveloblancarde.fr\/#\/schema\/person\/326a734620e478ba65e6a175c89c36e8"},"breadcrumb":{"@id":"https:\/\/maisonduveloblancarde.fr\/?p=518#breadcrumb"},"inLanguage":"en-US","potentialAction":[{"@type":"ReadAction","target":["https:\/\/maisonduveloblancarde.fr\/?p=518"]}]},{"@type":"ImageObject","inLanguage":"en-US","@id":"https:\/\/maisonduveloblancarde.fr\/?p=518#primaryimage","url":"https:\/\/maisonduveloblancarde.fr\/wp-content\/uploads\/2024\/09\/WhatsApp-Image-2024-09-03-at-19.05.05.jpeg","contentUrl":"https:\/\/maisonduveloblancarde.fr\/wp-content\/uploads\/2024\/09\/WhatsApp-Image-2024-09-03-at-19.05.05.jpeg","width":1342,"height":1908},{"@type":"BreadcrumbList","@id":"https:\/\/maisonduveloblancarde.fr\/?p=518#breadcrumb","itemListElement":[{"@type":"ListItem","position":1,"name":"Accueil","item":"https:\/\/maisonduveloblancarde.fr\/"},{"@type":"ListItem","position":2,"name":"L&#8217;association V\u00e9loTchouTerrain f\u00eate sa rentr\u00e9e"}]},{"@type":"WebSite","@id":"https:\/\/maisonduveloblancarde.fr\/#website","url":"https:\/\/maisonduveloblancarde.fr\/","name":"","description":"","potentialAction":[{"@type":"SearchAction","target":{"@type":"EntryPoint","urlTemplate":"https:\/\/maisonduveloblancarde.fr\/?s={search_term_string}"},"query-input":"required name=search_term_string"}],"inLanguage":"en-US"},{"@type":"Person","@id":"https:\/\/maisonduveloblancarde.fr\/#\/schema\/person\/326a734620e478ba65e6a175c89c36e8","name":"maisonduveloblancarde.fr","image":{"@type":"ImageObject","inLanguage":"en-US","@id":"https:\/\/maisonduveloblancarde.fr\/#\/schema\/person\/image\/","url":"https:\/\/secure.gravatar.com\/avatar\/e05a86865bed9e448f5b14e041a12c2d?s=96&d=mm&r=g","contentUrl":"https:\/\/secure.gravatar.com\/avatar\/e05a86865bed9e448f5b14e041a12c2d?s=96&d=mm&r=g","caption":"maisonduveloblancarde.fr"},"sameAs":["http:\/\/maisonduveloblancarde.fr"],"url":"https:\/\/maisonduveloblancarde.fr\/?author=1"}]}},"_links":{"self":[{"href":"https:\/\/maisonduveloblancarde.fr\/index.php?rest_route=\/wp\/v2\/posts\/518"}],"collection":[{"href":"https:\/\/maisonduveloblancarde.fr\/index.php?rest_route=\/wp\/v2\/posts"}],"about":[{"href":"https:\/\/maisonduveloblancarde.fr\/index.php?rest_route=\/wp\/v2\/types\/post"}],"author":[{"embeddable":true,"href":"https:\/\/maisonduveloblancarde.fr\/index.php?rest_route=\/wp\/v2\/users\/1"}],"replies":[{"embeddable":true,"href":"https:\/\/maisonduveloblancarde.fr\/index.php?rest_route=%2Fwp%2Fv2%2Fcomments&post=518"}],"version-history":[{"count":4,"href":"https:\/\/maisonduveloblancarde.fr\/index.php?rest_route=\/wp\/v2\/posts\/518\/revisions"}],"predecessor-version":[{"id":524,"href":"https:\/\/maisonduveloblancarde.fr\/index.php?rest_route=\/wp\/v2\/posts\/518\/revisions\/524"}],"wp:featuredmedia":[{"embeddable":true,"href":"https:\/\/maisonduveloblancarde.fr\/index.php?rest_route=\/wp\/v2\/media\/519"}],"wp:attachment":[{"href":"https:\/\/maisonduveloblancarde.fr\/index.php?rest_route=%2Fwp%2Fv2%2Fmedia&parent=518"}],"wp:term":[{"taxonomy":"category","embeddable":true,"href":"https:\/\/maisonduveloblancarde.fr\/index.php?rest_route=%2Fwp%2Fv2%2Fcategories&post=518"},{"taxonomy":"post_tag","embeddable":true,"href":"https:\/\/maisonduveloblancarde.fr\/index.php?rest_route=%2Fwp%2Fv2%2Ftags&post=518"}],"curies":[{"name":"wp","href":"https:\/\/api.w.org\/{rel}","templated":true}]}}