{"id":501,"date":"2024-09-20T09:26:05","date_gmt":"2024-09-20T07:26:05","guid":{"rendered":"https:\/\/maisonduveloblancarde.fr\/?p=501"},"modified":"2024-09-20T09:29:26","modified_gmt":"2024-09-20T07:29:26","slug":"seances-de-home-trainer","status":"publish","type":"post","link":"https:\/\/maisonduveloblancarde.fr\/?p=501","title":{"rendered":"S\u00e9ances de home trainer"},"content":{"rendered":"\t\t<div data-elementor-type=\"wp-post\" data-elementor-id=\"501\" class=\"elementor elementor-501\">\n\t\t\t\t<div class=\"elementor-element elementor-element-27b560b e-flex e-con-boxed e-con e-parent\" data-id=\"27b560b\" data-element_type=\"container\">\n\t\t\t\t\t<div class=\"e-con-inner\">\n\t\t<div class=\"elementor-element elementor-element-244b5a6 e-con-full e-flex e-con e-child\" data-id=\"244b5a6\" data-element_type=\"container\">\n\t\t\t\t<div class=\"elementor-element elementor-element-68e4ec6 elementor-widget elementor-widget-image\" data-id=\"68e4ec6\" data-element_type=\"widget\" data-widget_type=\"image.default\">\n\t\t\t\t<div class=\"elementor-widget-container\">\n\t\t\t<style>\/*! elementor - v3.22.0 - 24-06-2024 *\/\n.elementor-widget-image{text-align:center}.elementor-widget-image a{display:inline-block}.elementor-widget-image a img[src$=\".svg\"]{width:48px}.elementor-widget-image img{vertical-align:middle;display:inline-block}<\/style>\t\t\t\t\t\t\t\t\t\t<img fetchpriority=\"high\" decoding=\"async\" width=\"1024\" height=\"576\" src=\"https:\/\/maisonduveloblancarde.fr\/wp-content\/uploads\/2024\/09\/evenement-MDV-template2-1024x576.png\" class=\"attachment-large size-large wp-image-502\" alt=\"\" srcset=\"https:\/\/maisonduveloblancarde.fr\/wp-content\/uploads\/2024\/09\/evenement-MDV-template2-1024x576.png 1024w, https:\/\/maisonduveloblancarde.fr\/wp-content\/uploads\/2024\/09\/evenement-MDV-template2-300x169.png 300w, https:\/\/maisonduveloblancarde.fr\/wp-content\/uploads\/2024\/09\/evenement-MDV-template2-768x432.png 768w, https:\/\/maisonduveloblancarde.fr\/wp-content\/uploads\/2024\/09\/evenement-MDV-template2-1536x864.png 1536w, https:\/\/maisonduveloblancarde.fr\/wp-content\/uploads\/2024\/09\/evenement-MDV-template2.png 1920w\" sizes=\"(max-width: 1024px) 100vw, 1024px\" \/>\t\t\t\t\t\t\t\t\t\t\t\t\t<\/div>\n\t\t\t\t<\/div>\n\t\t\t\t<\/div>\n\t\t<div class=\"elementor-element elementor-element-619eb16 e-con-full e-flex e-con e-child\" data-id=\"619eb16\" data-element_type=\"container\">\n\t\t\t\t<div class=\"elementor-element elementor-element-a8ecfa5 elementor-widget elementor-widget-text-editor\" data-id=\"a8ecfa5\" data-element_type=\"widget\" data-widget_type=\"text-editor.default\">\n\t\t\t\t<div class=\"elementor-widget-container\">\n\t\t\t<style>\/*! elementor - v3.22.0 - 24-06-2024 *\/\n.elementor-widget-text-editor.elementor-drop-cap-view-stacked .elementor-drop-cap{background-color:#69727d;color:#fff}.elementor-widget-text-editor.elementor-drop-cap-view-framed .elementor-drop-cap{color:#69727d;border:3px solid;background-color:transparent}.elementor-widget-text-editor:not(.elementor-drop-cap-view-default) .elementor-drop-cap{margin-top:8px}.elementor-widget-text-editor:not(.elementor-drop-cap-view-default) .elementor-drop-cap-letter{width:1em;height:1em}.elementor-widget-text-editor .elementor-drop-cap{float:left;text-align:center;line-height:1;font-size:50px}.elementor-widget-text-editor .elementor-drop-cap-letter{display:inline-block}<\/style>\t\t\t\tD\u00e8s mardi 17 septembre, venez vous entra\u00eener, avec les supers b\u00e9n\u00e9voles exp\u00e9riment\u00e9s de l&#8217;association Excelsior, au v\u00e9lo de route d&#8217;int\u00e9rieur ! \n\nDe 18h \u00e0 19h la Maison du v\u00e9lo Marseille Brancarde vous accueille pour p\u00e9daler ensemble !\n\n\nNous vous pr\u00eatons les v\u00e9los sur place. Les ateliers sont gratuits et ouverts \u00e0 toustes quelque soit votre niveau !\t\t\t\t\t\t<\/div>\n\t\t\t\t<\/div>\n\t\t\t\t<\/div>\n\t\t\t\t\t<\/div>\n\t\t\t\t<\/div>\n\t\t\t\t<\/div>\n\t\t","protected":false},"excerpt":{"rendered":"<p>D\u00e8s mardi 17 septembre, venez vous entra\u00eener, avec les supers b\u00e9n\u00e9voles exp\u00e9riment\u00e9s de l&#8217;association Excelsior, au v\u00e9lo de route d&#8217;int\u00e9rieur ! De 18h \u00e0 19h la Maison du v\u00e9lo Marseille Brancarde vous accueille pour p\u00e9daler ensemble ! Nous vous pr\u00eatons les v\u00e9los sur place. Les ateliers sont gratuits et ouverts \u00e0 toustes quelque soit votre&hellip;&nbsp;<a href=\"https:\/\/maisonduveloblancarde.fr\/?p=501\" class=\"\" rel=\"bookmark\">Read More &raquo;<span class=\"screen-reader-text\">S\u00e9ances de home trainer<\/span><\/a><\/p>\n","protected":false},"author":1,"featured_media":502,"comment_status":"open","ping_status":"open","sticky":false,"template":"","format":"standard","meta":{"neve_meta_sidebar":"","neve_meta_container":"","neve_meta_enable_content_width":"","neve_meta_content_width":0,"neve_meta_title_alignment":"","neve_meta_author_avatar":"","neve_post_elements_order":"","neve_meta_disable_header":"","neve_meta_disable_footer":"","neve_meta_disable_title":"","_themeisle_gutenberg_block_has_review":false,"_ti_tpc_template_sync":false,"_ti_tpc_template_id":"","footnotes":""},"categories":[1],"tags":[],"yoast_head":"<!-- This site is optimized with the Yoast SEO plugin v22.6 - https:\/\/yoast.com\/wordpress\/plugins\/seo\/ -->\n<title>S\u00e9ances de home trainer -<\/title>\n<meta name=\"robots\" content=\"index, follow, max-snippet:-1, max-image-preview:large, max-video-preview:-1\" \/>\n<link rel=\"canonical\" href=\"https:\/\/maisonduveloblancarde.fr\/?p=501\" \/>\n<meta property=\"og:locale\" content=\"en_US\" \/>\n<meta property=\"og:type\" content=\"article\" \/>\n<meta property=\"og:title\" content=\"S\u00e9ances de home trainer -\" \/>\n<meta property=\"og:description\" content=\"D\u00e8s mardi 17 septembre, venez vous entra\u00eener, avec les supers b\u00e9n\u00e9voles exp\u00e9riment\u00e9s de l&#8217;association Excelsior, au v\u00e9lo de route d&#8217;int\u00e9rieur ! De 18h \u00e0 19h la Maison du v\u00e9lo Marseille Brancarde vous accueille pour p\u00e9daler ensemble ! Nous vous pr\u00eatons les v\u00e9los sur place. Les ateliers sont gratuits et ouverts \u00e0 toustes quelque soit votre&hellip;&nbsp;Read More &raquo;S\u00e9ances de home trainer\" \/>\n<meta property=\"og:url\" content=\"https:\/\/maisonduveloblancarde.fr\/?p=501\" \/>\n<meta property=\"article:published_time\" content=\"2024-09-20T07:26:05+00:00\" \/>\n<meta property=\"article:modified_time\" content=\"2024-09-20T07:29:26+00:00\" \/>\n<meta property=\"og:image\" content=\"http:\/\/maisonduveloblancarde.fr\/wp-content\/uploads\/2024\/09\/evenement-MDV-template2-1024x576.png\" \/>\n\t<meta property=\"og:image:width\" content=\"1024\" \/>\n\t<meta property=\"og:image:height\" content=\"576\" \/>\n\t<meta property=\"og:image:type\" content=\"image\/png\" \/>\n<meta name=\"author\" content=\"maisonduveloblancarde.fr\" \/>\n<meta name=\"twitter:card\" content=\"summary_large_image\" \/>\n<meta name=\"twitter:label1\" content=\"Written by\" \/>\n\t<meta name=\"twitter:data1\" content=\"maisonduveloblancarde.fr\" \/>\n\t<meta name=\"twitter:label2\" content=\"Est. reading time\" \/>\n\t<meta name=\"twitter:data2\" content=\"1 minute\" \/>\n<script type=\"application\/ld+json\" class=\"yoast-schema-graph\">{\"@context\":\"https:\/\/schema.org\",\"@graph\":[{\"@type\":\"WebPage\",\"@id\":\"https:\/\/maisonduveloblancarde.fr\/?p=501\",\"url\":\"https:\/\/maisonduveloblancarde.fr\/?p=501\",\"name\":\"S\u00e9ances de home trainer -\",\"isPartOf\":{\"@id\":\"https:\/\/maisonduveloblancarde.fr\/#website\"},\"primaryImageOfPage\":{\"@id\":\"https:\/\/maisonduveloblancarde.fr\/?p=501#primaryimage\"},\"image\":{\"@id\":\"https:\/\/maisonduveloblancarde.fr\/?p=501#primaryimage\"},\"thumbnailUrl\":\"https:\/\/maisonduveloblancarde.fr\/wp-content\/uploads\/2024\/09\/evenement-MDV-template2.png\",\"datePublished\":\"2024-09-20T07:26:05+00:00\",\"dateModified\":\"2024-09-20T07:29:26+00:00\",\"author\":{\"@id\":\"https:\/\/maisonduveloblancarde.fr\/#\/schema\/person\/326a734620e478ba65e6a175c89c36e8\"},\"breadcrumb\":{\"@id\":\"https:\/\/maisonduveloblancarde.fr\/?p=501#breadcrumb\"},\"inLanguage\":\"en-US\",\"potentialAction\":[{\"@type\":\"ReadAction\",\"target\":[\"https:\/\/maisonduveloblancarde.fr\/?p=501\"]}]},{\"@type\":\"ImageObject\",\"inLanguage\":\"en-US\",\"@id\":\"https:\/\/maisonduveloblancarde.fr\/?p=501#primaryimage\",\"url\":\"https:\/\/maisonduveloblancarde.fr\/wp-content\/uploads\/2024\/09\/evenement-MDV-template2.png\",\"contentUrl\":\"https:\/\/maisonduveloblancarde.fr\/wp-content\/uploads\/2024\/09\/evenement-MDV-template2.png\",\"width\":1920,\"height\":1080},{\"@type\":\"BreadcrumbList\",\"@id\":\"https:\/\/maisonduveloblancarde.fr\/?p=501#breadcrumb\",\"itemListElement\":[{\"@type\":\"ListItem\",\"position\":1,\"name\":\"Accueil\",\"item\":\"https:\/\/maisonduveloblancarde.fr\/\"},{\"@type\":\"ListItem\",\"position\":2,\"name\":\"S\u00e9ances de home trainer\"}]},{\"@type\":\"WebSite\",\"@id\":\"https:\/\/maisonduveloblancarde.fr\/#website\",\"url\":\"https:\/\/maisonduveloblancarde.fr\/\",\"name\":\"\",\"description\":\"\",\"potentialAction\":[{\"@type\":\"SearchAction\",\"target\":{\"@type\":\"EntryPoint\",\"urlTemplate\":\"https:\/\/maisonduveloblancarde.fr\/?s={search_term_string}\"},\"query-input\":\"required name=search_term_string\"}],\"inLanguage\":\"en-US\"},{\"@type\":\"Person\",\"@id\":\"https:\/\/maisonduveloblancarde.fr\/#\/schema\/person\/326a734620e478ba65e6a175c89c36e8\",\"name\":\"maisonduveloblancarde.fr\",\"image\":{\"@type\":\"ImageObject\",\"inLanguage\":\"en-US\",\"@id\":\"https:\/\/maisonduveloblancarde.fr\/#\/schema\/person\/image\/\",\"url\":\"https:\/\/secure.gravatar.com\/avatar\/e05a86865bed9e448f5b14e041a12c2d?s=96&d=mm&r=g\",\"contentUrl\":\"https:\/\/secure.gravatar.com\/avatar\/e05a86865bed9e448f5b14e041a12c2d?s=96&d=mm&r=g\",\"caption\":\"maisonduveloblancarde.fr\"},\"sameAs\":[\"http:\/\/maisonduveloblancarde.fr\"],\"url\":\"https:\/\/maisonduveloblancarde.fr\/?author=1\"}]}<\/script>\n<!-- \/ Yoast SEO plugin. -->","yoast_head_json":{"title":"S\u00e9ances de home trainer -","robots":{"index":"index","follow":"follow","max-snippet":"max-snippet:-1","max-image-preview":"max-image-preview:large","max-video-preview":"max-video-preview:-1"},"canonical":"https:\/\/maisonduveloblancarde.fr\/?p=501","og_locale":"en_US","og_type":"article","og_title":"S\u00e9ances de home trainer -","og_description":"D\u00e8s mardi 17 septembre, venez vous entra\u00eener, avec les supers b\u00e9n\u00e9voles exp\u00e9riment\u00e9s de l&#8217;association Excelsior, au v\u00e9lo de route d&#8217;int\u00e9rieur ! De 18h \u00e0 19h la Maison du v\u00e9lo Marseille Brancarde vous accueille pour p\u00e9daler ensemble ! Nous vous pr\u00eatons les v\u00e9los sur place. Les ateliers sont gratuits et ouverts \u00e0 toustes quelque soit votre&hellip;&nbsp;Read More &raquo;S\u00e9ances de home trainer","og_url":"https:\/\/maisonduveloblancarde.fr\/?p=501","article_published_time":"2024-09-20T07:26:05+00:00","article_modified_time":"2024-09-20T07:29:26+00:00","og_image":[{"width":1024,"height":576,"url":"http:\/\/maisonduveloblancarde.fr\/wp-content\/uploads\/2024\/09\/evenement-MDV-template2-1024x576.png","type":"image\/png"}],"author":"maisonduveloblancarde.fr","twitter_card":"summary_large_image","twitter_misc":{"Written by":"maisonduveloblancarde.fr","Est. reading time":"1 minute"},"schema":{"@context":"https:\/\/schema.org","@graph":[{"@type":"WebPage","@id":"https:\/\/maisonduveloblancarde.fr\/?p=501","url":"https:\/\/maisonduveloblancarde.fr\/?p=501","name":"S\u00e9ances de home trainer -","isPartOf":{"@id":"https:\/\/maisonduveloblancarde.fr\/#website"},"primaryImageOfPage":{"@id":"https:\/\/maisonduveloblancarde.fr\/?p=501#primaryimage"},"image":{"@id":"https:\/\/maisonduveloblancarde.fr\/?p=501#primaryimage"},"thumbnailUrl":"https:\/\/maisonduveloblancarde.fr\/wp-content\/uploads\/2024\/09\/evenement-MDV-template2.png","datePublished":"2024-09-20T07:26:05+00:00","dateModified":"2024-09-20T07:29:26+00:00","author":{"@id":"https:\/\/maisonduveloblancarde.fr\/#\/schema\/person\/326a734620e478ba65e6a175c89c36e8"},"breadcrumb":{"@id":"https:\/\/maisonduveloblancarde.fr\/?p=501#breadcrumb"},"inLanguage":"en-US","potentialAction":[{"@type":"ReadAction","target":["https:\/\/maisonduveloblancarde.fr\/?p=501"]}]},{"@type":"ImageObject","inLanguage":"en-US","@id":"https:\/\/maisonduveloblancarde.fr\/?p=501#primaryimage","url":"https:\/\/maisonduveloblancarde.fr\/wp-content\/uploads\/2024\/09\/evenement-MDV-template2.png","contentUrl":"https:\/\/maisonduveloblancarde.fr\/wp-content\/uploads\/2024\/09\/evenement-MDV-template2.png","width":1920,"height":1080},{"@type":"BreadcrumbList","@id":"https:\/\/maisonduveloblancarde.fr\/?p=501#breadcrumb","itemListElement":[{"@type":"ListItem","position":1,"name":"Accueil","item":"https:\/\/maisonduveloblancarde.fr\/"},{"@type":"ListItem","position":2,"name":"S\u00e9ances de home trainer"}]},{"@type":"WebSite","@id":"https:\/\/maisonduveloblancarde.fr\/#website","url":"https:\/\/maisonduveloblancarde.fr\/","name":"","description":"","potentialAction":[{"@type":"SearchAction","target":{"@type":"EntryPoint","urlTemplate":"https:\/\/maisonduveloblancarde.fr\/?s={search_term_string}"},"query-input":"required name=search_term_string"}],"inLanguage":"en-US"},{"@type":"Person","@id":"https:\/\/maisonduveloblancarde.fr\/#\/schema\/person\/326a734620e478ba65e6a175c89c36e8","name":"maisonduveloblancarde.fr","image":{"@type":"ImageObject","inLanguage":"en-US","@id":"https:\/\/maisonduveloblancarde.fr\/#\/schema\/person\/image\/","url":"https:\/\/secure.gravatar.com\/avatar\/e05a86865bed9e448f5b14e041a12c2d?s=96&d=mm&r=g","contentUrl":"https:\/\/secure.gravatar.com\/avatar\/e05a86865bed9e448f5b14e041a12c2d?s=96&d=mm&r=g","caption":"maisonduveloblancarde.fr"},"sameAs":["http:\/\/maisonduveloblancarde.fr"],"url":"https:\/\/maisonduveloblancarde.fr\/?author=1"}]}},"_links":{"self":[{"href":"https:\/\/maisonduveloblancarde.fr\/index.php?rest_route=\/wp\/v2\/posts\/501"}],"collection":[{"href":"https:\/\/maisonduveloblancarde.fr\/index.php?rest_route=\/wp\/v2\/posts"}],"about":[{"href":"https:\/\/maisonduveloblancarde.fr\/index.php?rest_route=\/wp\/v2\/types\/post"}],"author":[{"embeddable":true,"href":"https:\/\/maisonduveloblancarde.fr\/index.php?rest_route=\/wp\/v2\/users\/1"}],"replies":[{"embeddable":true,"href":"https:\/\/maisonduveloblancarde.fr\/index.php?rest_route=%2Fwp%2Fv2%2Fcomments&post=501"}],"version-history":[{"count":4,"href":"https:\/\/maisonduveloblancarde.fr\/index.php?rest_route=\/wp\/v2\/posts\/501\/revisions"}],"predecessor-version":[{"id":506,"href":"https:\/\/maisonduveloblancarde.fr\/index.php?rest_route=\/wp\/v2\/posts\/501\/revisions\/506"}],"wp:featuredmedia":[{"embeddable":true,"href":"https:\/\/maisonduveloblancarde.fr\/index.php?rest_route=\/wp\/v2\/media\/502"}],"wp:attachment":[{"href":"https:\/\/maisonduveloblancarde.fr\/index.php?rest_route=%2Fwp%2Fv2%2Fmedia&parent=501"}],"wp:term":[{"taxonomy":"category","embeddable":true,"href":"https:\/\/maisonduveloblancarde.fr\/index.php?rest_route=%2Fwp%2Fv2%2Fcategories&post=501"},{"taxonomy":"post_tag","embeddable":true,"href":"https:\/\/maisonduveloblancarde.fr\/index.php?rest_route=%2Fwp%2Fv2%2Ftags&post=501"}],"curies":[{"name":"wp","href":"https:\/\/api.w.org\/{rel}","templated":true}]}}